{"id":1219,"date":"2016-04-28T08:59:30","date_gmt":"2016-04-28T07:59:30","guid":{"rendered":"http:\/\/pregenzer.com\/blog\/?p=1219"},"modified":"2016-04-28T08:59:30","modified_gmt":"2016-04-28T07:59:30","slug":"25-jahre-pregenzer","status":"publish","type":"post","link":"https:\/\/pregenzer.com\/blog\/25-jahre-pregenzer\/","title":{"rendered":"25 JAHRE PREGENZER"},"content":{"rendered":"<p style=\"text-align: center;\"><strong>4 MAL MINUS 25 = 1\/4 \u2026 ODER WIE?<\/strong><\/p>\n<p style=\"text-align: center;\"><!--more--><\/p>\n<p style=\"text-align: center;\">Nein, die PREGENZER hat nicht das Rechnen verlernt, sie ist einfach nur in gro\u00dfer Feierlaune! Denn das von der geb\u00fcrtigen Vorarlbergerin Jutta Pregenzer gleichnamige Gesch\u00e4ft gl\u00e4nzt seit nunmehr 25 Jahren in der Schleifm\u00fchlgasse und ist als kleines Mode-Juwel aus dem Freihausviertel nicht mehr wegzudenken. Die Freude dar\u00fcber m\u00f6chten sie und ihr Team mit allen tollen Menschen teilen \u2026 und zwar so:<\/p>\n<p style=\"text-align: center;\">An <strong>4 Tagen<\/strong> Mittwoch den 27.4.2916 und Donnerstag den 28.4.2016 von 10 bis 20 Uhr erhalten Freitag den 29.4.2016 von 10 bis 18.30 und am Samstag den 30.4.2016 von 10 bis 17 Uhr erhalten PREGENZER-Kundinnen<\/p>\n<p style=\"text-align: center;\"><strong>minus 25 Prozent<\/strong> auf ausgew\u00e4hlte Kollektionen<\/p>\n<p style=\"text-align: center;\">weil&#8217;s doch viel sch\u00f6ner ist, gemeinsam das <strong>Vierteljahrhundert<\/strong> zu feiern!<\/p>\n<p style=\"text-align: center;\">Die spritzigen Drinks f\u00fcr die sch\u00f6nen, gemeinsamen Momente sind gek\u00fchlt, die Gl\u00e4ser poliert, der farbenfrohe Blumenschmuck erf\u00fcllt den Shop mit Fr\u00fchlingsgef\u00fchlen &amp; ein dufter Gewinn will an die Frau gebracht werden! Fehlen also nur noch die Gratulanten \u2013 HEREINSPAZIERT!!!<\/p>\n<p style=\"text-align: center;\">Wir freuen uns auf Sie, wenn Sie mit uns ansto\u00dfen und die ein oder andere Erinnerung aus den letzten Jahrzehnten Revue passieren lassen. In diesem Sinne wollen wir uns bei Ihnen f\u00fcr diese 25 Jahre an unserer Seite bedanken. Dazu sei anzumerken, dass weder Sie noch das Gesch\u00e4ft \u00e4lter geworden sind, wir wurden beide einfach nur besser!<\/p>\n","protected":false},"excerpt":{"rendered":"<p>4 MAL MINUS 25 = 1\/4 \u2026 ODER WIE?<\/p>\n","protected":false},"author":1,"featured_media":1220,"comment_status":"open","ping_status":"open","sticky":false,"template":"","format":"standard","meta":[],"categories":[40],"tags":[],"_links":{"self":[{"href":"https:\/\/pregenzer.com\/blog\/wp-json\/wp\/v2\/posts\/1219"}],"collection":[{"href":"https:\/\/pregenzer.com\/blog\/wp-json\/wp\/v2\/posts"}],"about":[{"href":"https:\/\/pregenzer.com\/blog\/wp-json\/wp\/v2\/types\/post"}],"author":[{"embeddable":true,"href":"https:\/\/pregenzer.com\/blog\/wp-json\/wp\/v2\/users\/1"}],"replies":[{"embeddable":true,"href":"https:\/\/pregenzer.com\/blog\/wp-json\/wp\/v2\/comments?post=1219"}],"version-history":[{"count":4,"href":"https:\/\/pregenzer.com\/blog\/wp-json\/wp\/v2\/posts\/1219\/revisions"}],"predecessor-version":[{"id":1237,"href":"https:\/\/pregenzer.com\/blog\/wp-json\/wp\/v2\/posts\/1219\/revisions\/1237"}],"wp:featuredmedia":[{"embeddable":true,"href":"https:\/\/pregenzer.com\/blog\/wp-json\/wp\/v2\/media\/1220"}],"wp:attachment":[{"href":"https:\/\/pregenzer.com\/blog\/wp-json\/wp\/v2\/media?parent=1219"}],"wp:term":[{"taxonomy":"category","embeddable":true,"href":"https:\/\/pregenzer.com\/blog\/wp-json\/wp\/v2\/categories?post=1219"},{"taxonomy":"post_tag","embeddable":true,"href":"https:\/\/pregenzer.com\/blog\/wp-json\/wp\/v2\/tags?post=1219"}],"curies":[{"name":"wp","href":"https:\/\/api.w.org\/{rel}","templated":true}]}}