{"id":1321,"date":"2016-11-02T17:58:18","date_gmt":"2016-11-02T16:58:18","guid":{"rendered":"http:\/\/pregenzer.com\/blog\/?p=1321"},"modified":"2016-11-08T14:39:47","modified_gmt":"2016-11-08T13:39:47","slug":"bortabesken-im-modewald","status":"publish","type":"post","link":"https:\/\/pregenzer.com\/blog\/bortabesken-im-modewald\/","title":{"rendered":"BORTABESKEN IM MODEWALD"},"content":{"rendered":"<p style=\"text-align: center;\">&nbsp;Eine Installation von Andrea Maxa Halmschlager at PREGENZER Fashion Store<\/p>\n<p style=\"text-align: center;\">Donnerstag 10.November 2016 bis Samstag 12.November 2016<\/p>\n<p style=\"text-align: center;\"><!--more--><\/p>\n<p style=\"text-align: center;\">Der Titel BORTABESKEN bezeichnet eine Werkgruppe von dreidimensionalen textilen Objektk\u00f6rpern, die seit 2012 ein work-in-progress innerhalb meines Kunstschaffens darstellen. Ausgangsmaterial sind Borten, aus denen ich Kante an Kante Gewebe von ca. 50 x 70 cm Gr\u00f6\u00dfe n\u00e4he, dann mit Hilfe einer Ornamentschablone in mehrere Teile zerschneide und schlie\u00dflich zu plastischen Arabesken neu zusammenf\u00fcge. Bisher sind 33 Bortabesken entstanden, jedes Objekt stellt ein Unikat dar.<\/p>\n<p style=\"text-align: center;\"><span class=\"text_exposed_show\"><br \/>\nAndrea MAXA Halmschlager Wien 2016<br \/>\nwww.halmschlager.at<\/span><\/p>\n<p style=\"text-align: center;\"><img loading=\"lazy\" class=\"aligncenter size-full wp-image-1325\" src=\"http:\/\/pregenzer.com\/blog\/wp-content\/uploads\/2016\/10\/14595667_214809552282220_8716324990399159157_n.jpg\" alt=\"14595667_214809552282220_8716324990399159157_n\" width=\"768\" height=\"960\" srcset=\"https:\/\/pregenzer.com\/blog\/wp-content\/uploads\/2016\/10\/14595667_214809552282220_8716324990399159157_n.jpg 768w, https:\/\/pregenzer.com\/blog\/wp-content\/uploads\/2016\/10\/14595667_214809552282220_8716324990399159157_n-240x300.jpg 240w\" sizes=\"(max-width: 768px) 100vw, 768px\" \/><img loading=\"lazy\" class=\"aligncenter size-full wp-image-1326\" src=\"http:\/\/pregenzer.com\/blog\/wp-content\/uploads\/2016\/10\/14591774_214809368948905_3835824778473102856_n.jpg\" alt=\"14591774_214809368948905_3835824778473102856_n\" width=\"694\" height=\"960\" srcset=\"https:\/\/pregenzer.com\/blog\/wp-content\/uploads\/2016\/10\/14591774_214809368948905_3835824778473102856_n.jpg 694w, https:\/\/pregenzer.com\/blog\/wp-content\/uploads\/2016\/10\/14591774_214809368948905_3835824778473102856_n-217x300.jpg 217w\" sizes=\"(max-width: 694px) 100vw, 694px\" \/><\/p>\n","protected":false},"excerpt":{"rendered":"<p>&nbsp;Eine Installation von Andrea Maxa Halmschlager at PREGENZER Fashion Store Donnerstag 10.November 2016 bis Samstag 12.November 2016<\/p>\n","protected":false},"author":1,"featured_media":1322,"comment_status":"open","ping_status":"open","sticky":false,"template":"","format":"standard","meta":[],"categories":[45],"tags":[],"_links":{"self":[{"href":"https:\/\/pregenzer.com\/blog\/wp-json\/wp\/v2\/posts\/1321"}],"collection":[{"href":"https:\/\/pregenzer.com\/blog\/wp-json\/wp\/v2\/posts"}],"about":[{"href":"https:\/\/pregenzer.com\/blog\/wp-json\/wp\/v2\/types\/post"}],"author":[{"embeddable":true,"href":"https:\/\/pregenzer.com\/blog\/wp-json\/wp\/v2\/users\/1"}],"replies":[{"embeddable":true,"href":"https:\/\/pregenzer.com\/blog\/wp-json\/wp\/v2\/comments?post=1321"}],"version-history":[{"count":7,"href":"https:\/\/pregenzer.com\/blog\/wp-json\/wp\/v2\/posts\/1321\/revisions"}],"predecessor-version":[{"id":1358,"href":"https:\/\/pregenzer.com\/blog\/wp-json\/wp\/v2\/posts\/1321\/revisions\/1358"}],"wp:featuredmedia":[{"embeddable":true,"href":"https:\/\/pregenzer.com\/blog\/wp-json\/wp\/v2\/media\/1322"}],"wp:attachment":[{"href":"https:\/\/pregenzer.com\/blog\/wp-json\/wp\/v2\/media?parent=1321"}],"wp:term":[{"taxonomy":"category","embeddable":true,"href":"https:\/\/pregenzer.com\/blog\/wp-json\/wp\/v2\/categories?post=1321"},{"taxonomy":"post_tag","embeddable":true,"href":"https:\/\/pregenzer.com\/blog\/wp-json\/wp\/v2\/tags?post=1321"}],"curies":[{"name":"wp","href":"https:\/\/api.w.org\/{rel}","templated":true}]}}