{"id":2251,"date":"2019-03-29T09:40:08","date_gmt":"2019-03-29T08:40:08","guid":{"rendered":"http:\/\/pregenzer.com\/blog\/?p=2251"},"modified":"2019-03-29T09:40:09","modified_gmt":"2019-03-29T08:40:09","slug":"foto-wien-2019-barbara-filips-ukiyo-e-pictures-of-the-floating-world-pregenzer","status":"publish","type":"post","link":"https:\/\/pregenzer.com\/blog\/foto-wien-2019-barbara-filips-ukiyo-e-pictures-of-the-floating-world-pregenzer\/","title":{"rendered":"FOTO WIEN 2019\u00a0 \/\/ BARBARA FILIPS \u201cUkiyo-e \/ Pictures of The Floating World\u201d @PREGENZER"},"content":{"rendered":"<p><span class=\"s1\"><\/span><\/p>\n<p><span class=\"s1\"><em>L\u00e4sst sich der spezielle Blick auf diese Welt &#8211; auch abseits photographischer Formate &#8211; festhalten? Ja. Jutta Pregenzer, Inhaberin des Pregenzer Fashion Store, mag Filips\u2019 Bilder nicht nur ausstellen. Ein bis drei Motive aus der Ausstellung werden, auf feinem Stoff gedruckt, eine limitierte Fashion-Kollektion ergeben. Street Photography geht wieder zur\u00fcck auf die Stra\u00dfen: Sph\u00e4ren, Blicke, Momente, flie\u00dfenineinander. Welten in Bewegung, nur f\u00fcr Momente eingefroren.<\/em><\/span><\/p>\n<p><span class=\"s1\"><\/span><\/p>\n<p><span class=\"s1\"><\/span><\/p>\n<p><span class=\"s1\">Barbara Filips nach Japan: Kyoto und Tokio. Das Ergebnis war ein Bild der Br\u00e4uche mit scharfen Kontrasten: Schwarz und Wei\u00df. Arroganz und Orgie, verstecktes Vergn\u00fcgen hinter verschlossenen T\u00fcren. Ein Blick hinter das Erscheinungsbild der Bescheidenheit &#8211; Momente des Loslassens und des Nicht-Funktionierens.<\/span><\/p>\n<p><span class=\"s1\">Barbara Filips Serie<\/span><span class=\"s1\"><strong> \u201cUkiyo-e \/ Pictures of The Floating World\u201d <\/strong><\/span><span class=\"s1\">wird w\u00e4hrend der FOTO WIEN im M\u00e4rz\/April 2019 in der gleichnamigen Ausstellung im PREGENZER FASHION STORE WIEN zu sehen sein.<\/span><\/p>\n<p><span class=\"s1\"><strong>Vernissage zur Ausstellung<\/strong><\/span><\/p>\n<p><span class=\"s1\"><strong>Mittwoch 27.3.2019 ab 18 Uhr<\/strong><\/span><\/p>\n<p><span class=\"s1\"><strong><img loading=\"lazy\" src=\"http:\/\/pregenzer.com\/blog\/wp-content\/uploads\/2019\/03\/bce68956-3338-4ed8-8a4c-220505d273ff.jpg\" class=\"size-full wp-image-2250\" width=\"4032\" height=\"3021\" srcset=\"https:\/\/pregenzer.com\/blog\/wp-content\/uploads\/2019\/03\/bce68956-3338-4ed8-8a4c-220505d273ff.jpg 4032w, https:\/\/pregenzer.com\/blog\/wp-content\/uploads\/2019\/03\/bce68956-3338-4ed8-8a4c-220505d273ff-300x225.jpg 300w, https:\/\/pregenzer.com\/blog\/wp-content\/uploads\/2019\/03\/bce68956-3338-4ed8-8a4c-220505d273ff-768x575.jpg 768w, https:\/\/pregenzer.com\/blog\/wp-content\/uploads\/2019\/03\/bce68956-3338-4ed8-8a4c-220505d273ff-1024x767.jpg 1024w\" sizes=\"(max-width: 4032px) 100vw, 4032px\" \/><\/strong><\/span><\/p>\n","protected":false},"excerpt":{"rendered":"<p>L\u00e4sst sich der spezielle Blick auf diese Welt &#8211; auch abseits photographischer Formate &#8211; festhalten? Ja. Jutta Pregenzer, Inhaberin des Pregenzer Fashion Store, mag Filips\u2019 Bilder nicht nur ausstellen. Ein bis drei Motive aus der Ausstellung werden, auf feinem Stoff gedruckt, eine limitierte Fashion-Kollektion ergeben. Street Photography geht wieder zur\u00fcck auf die Stra\u00dfen: Sph\u00e4ren, Blicke,<a href=\"https:\/\/pregenzer.com\/blog\/foto-wien-2019-barbara-filips-ukiyo-e-pictures-of-the-floating-world-pregenzer\/\" class=\"df-link-excerpt\">Continue reading<\/a><\/p>\n","protected":false},"author":1,"featured_media":2249,"comment_status":"open","ping_status":"open","sticky":false,"template":"","format":"standard","meta":[],"categories":[45,40],"tags":[],"_links":{"self":[{"href":"https:\/\/pregenzer.com\/blog\/wp-json\/wp\/v2\/posts\/2251"}],"collection":[{"href":"https:\/\/pregenzer.com\/blog\/wp-json\/wp\/v2\/posts"}],"about":[{"href":"https:\/\/pregenzer.com\/blog\/wp-json\/wp\/v2\/types\/post"}],"author":[{"embeddable":true,"href":"https:\/\/pregenzer.com\/blog\/wp-json\/wp\/v2\/users\/1"}],"replies":[{"embeddable":true,"href":"https:\/\/pregenzer.com\/blog\/wp-json\/wp\/v2\/comments?post=2251"}],"version-history":[{"count":1,"href":"https:\/\/pregenzer.com\/blog\/wp-json\/wp\/v2\/posts\/2251\/revisions"}],"predecessor-version":[{"id":2252,"href":"https:\/\/pregenzer.com\/blog\/wp-json\/wp\/v2\/posts\/2251\/revisions\/2252"}],"wp:featuredmedia":[{"embeddable":true,"href":"https:\/\/pregenzer.com\/blog\/wp-json\/wp\/v2\/media\/2249"}],"wp:attachment":[{"href":"https:\/\/pregenzer.com\/blog\/wp-json\/wp\/v2\/media?parent=2251"}],"wp:term":[{"taxonomy":"category","embeddable":true,"href":"https:\/\/pregenzer.com\/blog\/wp-json\/wp\/v2\/categories?post=2251"},{"taxonomy":"post_tag","embeddable":true,"href":"https:\/\/pregenzer.com\/blog\/wp-json\/wp\/v2\/tags?post=2251"}],"curies":[{"name":"wp","href":"https:\/\/api.w.org\/{rel}","templated":true}]}}