{"id":2266,"date":"2019-04-11T09:11:19","date_gmt":"2019-04-11T08:11:19","guid":{"rendered":"http:\/\/pregenzer.com\/blog\/?p=2266"},"modified":"2019-04-15T09:34:04","modified_gmt":"2019-04-15T08:34:04","slug":"vivi-van-gibson-1-edition","status":"publish","type":"post","link":"https:\/\/pregenzer.com\/blog\/vivi-van-gibson-1-edition\/","title":{"rendered":"Vivi Van Gibson 1.Edition"},"content":{"rendered":"<p>L\u00e4sst sich der spezielle Blick auf diese Welt &#8211; auch abseits photographischer Formate &#8211; festhalten? Ja. Jutta Pregenzer, Inhaberin des Pregenzer Fashion Store, mag Filips\u2019 Bilder nicht nur ausstellen. F\u00fcnf Motive wurden f\u00fcr die Ausstellung auf feinem Stoff gedruckt, eine limitierte Fashion-Kollektion von Vivi Van Gibson ist entstanden. Street Photography geht wieder zur\u00fcck auf die Stra\u00dfen: Sph\u00e4ren, Blicke, Momente, flie\u00dfen ineinander. Welten in Bewegung, nur f\u00fcr Momente eingefroren. #pregenzerfashionstore #vivivangibson #limitededition #50pieces #fashion #japanesestreetart #exhibition #barbarafilips #streetphotography #finephotographie #artphotographie #japanese #japanesestreetphotography #fashion #instafashion #fashionmood<\/p>\n<p><img loading=\"lazy\" src=\"http:\/\/pregenzer.com\/blog\/wp-content\/uploads\/2019\/04\/fullsizerender.jpg\" class=\"size-full wp-image-2262\" width=\"2925\" height=\"3567\" srcset=\"https:\/\/pregenzer.com\/blog\/wp-content\/uploads\/2019\/04\/fullsizerender.jpg 2925w, https:\/\/pregenzer.com\/blog\/wp-content\/uploads\/2019\/04\/fullsizerender-246x300.jpg 246w, https:\/\/pregenzer.com\/blog\/wp-content\/uploads\/2019\/04\/fullsizerender-768x937.jpg 768w, https:\/\/pregenzer.com\/blog\/wp-content\/uploads\/2019\/04\/fullsizerender-840x1024.jpg 840w\" sizes=\"(max-width: 2925px) 100vw, 2925px\" \/><img loading=\"lazy\" src=\"http:\/\/pregenzer.com\/blog\/wp-content\/uploads\/2019\/04\/fullsizerender-1.jpg\" class=\"size-full wp-image-2263\" width=\"3024\" height=\"4032\" srcset=\"https:\/\/pregenzer.com\/blog\/wp-content\/uploads\/2019\/04\/fullsizerender-1.jpg 3024w, https:\/\/pregenzer.com\/blog\/wp-content\/uploads\/2019\/04\/fullsizerender-1-225x300.jpg 225w, https:\/\/pregenzer.com\/blog\/wp-content\/uploads\/2019\/04\/fullsizerender-1-768x1024.jpg 768w\" sizes=\"(max-width: 3024px) 100vw, 3024px\" \/><img loading=\"lazy\" src=\"http:\/\/pregenzer.com\/blog\/wp-content\/uploads\/2019\/04\/fullsizerender-2.jpg\" class=\"size-full wp-image-2265\" width=\"3024\" height=\"4032\" srcset=\"https:\/\/pregenzer.com\/blog\/wp-content\/uploads\/2019\/04\/fullsizerender-2.jpg 3024w, https:\/\/pregenzer.com\/blog\/wp-content\/uploads\/2019\/04\/fullsizerender-2-225x300.jpg 225w, https:\/\/pregenzer.com\/blog\/wp-content\/uploads\/2019\/04\/fullsizerender-2-768x1024.jpg 768w\" sizes=\"(max-width: 3024px) 100vw, 3024px\" \/><img loading=\"lazy\" src=\"http:\/\/pregenzer.com\/blog\/wp-content\/uploads\/2019\/04\/fullsizerender-3.jpg\" class=\"size-full wp-image-2264\" width=\"3024\" height=\"3914\" srcset=\"https:\/\/pregenzer.com\/blog\/wp-content\/uploads\/2019\/04\/fullsizerender-3.jpg 3024w, https:\/\/pregenzer.com\/blog\/wp-content\/uploads\/2019\/04\/fullsizerender-3-232x300.jpg 232w, https:\/\/pregenzer.com\/blog\/wp-content\/uploads\/2019\/04\/fullsizerender-3-768x994.jpg 768w, https:\/\/pregenzer.com\/blog\/wp-content\/uploads\/2019\/04\/fullsizerender-3-791x1024.jpg 791w\" sizes=\"(max-width: 3024px) 100vw, 3024px\" \/><img loading=\"lazy\" src=\"http:\/\/pregenzer.com\/blog\/wp-content\/uploads\/2019\/04\/0b5229ff-38e6-44d8-b493-3404bbefa7a5.jpg\" class=\"size-full wp-image-2261\" width=\"900\" height=\"1600\" srcset=\"https:\/\/pregenzer.com\/blog\/wp-content\/uploads\/2019\/04\/0b5229ff-38e6-44d8-b493-3404bbefa7a5.jpg 900w, https:\/\/pregenzer.com\/blog\/wp-content\/uploads\/2019\/04\/0b5229ff-38e6-44d8-b493-3404bbefa7a5-169x300.jpg 169w, https:\/\/pregenzer.com\/blog\/wp-content\/uploads\/2019\/04\/0b5229ff-38e6-44d8-b493-3404bbefa7a5-768x1365.jpg 768w, https:\/\/pregenzer.com\/blog\/wp-content\/uploads\/2019\/04\/0b5229ff-38e6-44d8-b493-3404bbefa7a5-576x1024.jpg 576w\" sizes=\"(max-width: 900px) 100vw, 900px\" \/><\/p>\n","protected":false},"excerpt":{"rendered":"<p>L\u00e4sst sich der spezielle Blick auf diese Welt &#8211; auch abseits photographischer Formate &#8211; festhalten? Ja. Jutta Pregenzer, Inhaberin des Pregenzer Fashion Store, mag Filips\u2019 Bilder nicht nur ausstellen. F\u00fcnf Motive wurden f\u00fcr die Ausstellung auf feinem Stoff gedruckt, eine limitierte Fashion-Kollektion von Vivi Van Gibson ist entstanden. Street Photography geht wieder zur\u00fcck auf die<a href=\"https:\/\/pregenzer.com\/blog\/vivi-van-gibson-1-edition\/\" class=\"df-link-excerpt\">Continue reading<\/a><\/p>\n","protected":false},"author":1,"featured_media":2260,"comment_status":"open","ping_status":"open","sticky":false,"template":"","format":"standard","meta":[],"categories":[40],"tags":[],"_links":{"self":[{"href":"https:\/\/pregenzer.com\/blog\/wp-json\/wp\/v2\/posts\/2266"}],"collection":[{"href":"https:\/\/pregenzer.com\/blog\/wp-json\/wp\/v2\/posts"}],"about":[{"href":"https:\/\/pregenzer.com\/blog\/wp-json\/wp\/v2\/types\/post"}],"author":[{"embeddable":true,"href":"https:\/\/pregenzer.com\/blog\/wp-json\/wp\/v2\/users\/1"}],"replies":[{"embeddable":true,"href":"https:\/\/pregenzer.com\/blog\/wp-json\/wp\/v2\/comments?post=2266"}],"version-history":[{"count":1,"href":"https:\/\/pregenzer.com\/blog\/wp-json\/wp\/v2\/posts\/2266\/revisions"}],"predecessor-version":[{"id":2267,"href":"https:\/\/pregenzer.com\/blog\/wp-json\/wp\/v2\/posts\/2266\/revisions\/2267"}],"wp:featuredmedia":[{"embeddable":true,"href":"https:\/\/pregenzer.com\/blog\/wp-json\/wp\/v2\/media\/2260"}],"wp:attachment":[{"href":"https:\/\/pregenzer.com\/blog\/wp-json\/wp\/v2\/media?parent=2266"}],"wp:term":[{"taxonomy":"category","embeddable":true,"href":"https:\/\/pregenzer.com\/blog\/wp-json\/wp\/v2\/categories?post=2266"},{"taxonomy":"post_tag","embeddable":true,"href":"https:\/\/pregenzer.com\/blog\/wp-json\/wp\/v2\/tags?post=2266"}],"curies":[{"name":"wp","href":"https:\/\/api.w.org\/{rel}","templated":true}]}}