{"id":2916,"date":"2020-03-29T09:02:18","date_gmt":"2020-03-29T08:02:18","guid":{"rendered":"http:\/\/pregenzer.com\/blog\/?p=2916"},"modified":"2020-04-15T07:35:11","modified_gmt":"2020-04-15T06:35:11","slug":"wuensche-bestellungen-willkommen","status":"publish","type":"post","link":"https:\/\/pregenzer.com\/blog\/wuensche-bestellungen-willkommen\/","title":{"rendered":"W\u00fcnsche &#038; Bestellungen willkommen"},"content":{"rendered":"<p>\ud83d\udc8b #stayathome #weneedyou<\/p>\n<p>Ihr k\u00f6nnt ab sofort via E-Mail office@pregenzer.com<\/p>\n<p>oder pers\u00f6nlicher Nachricht auf Facebook und Instagram<\/p>\n<p>eure Bestellungen aufgeben, eure W\u00fcnsche kundtun \ud83d\udc9b<\/p>\n<p>ihr k\u00f6nnt uns aber gerne auch mit<\/p>\n<p>G U T S C H E I N E N unterst\u00fctzen, die bei der Wiederer\u00f6ffnung sofort eingel\u00f6st werden k\u00f6nnen!<\/p>\n<p><a href=\"https:\/\/m.facebook.com\/PREGENZER.FASHION.STORE\/\">https:\/\/m.facebook.com\/PREGENZER.FASHION.STORE\/<\/a><\/p>\n<p><a href=\"https:\/\/www.instagram.com\/pregenzer\/\">https:\/\/www.instagram.com\/pregenzer\/<\/a><\/p>\n<p>.<\/p>\n<p>.<\/p>\n<p>Wir werden euch via Instagram und Facebook verst\u00e4rkt mit den neuesten Looks versorgen und so unseren Beitrag zu guter Laune und positiver Stimmung leisten!<\/p>\n<p>.<\/p>\n<p>.<\/p>\n<p>Herzlichst &amp; bleibt ALLE gesund<\/p>\n<p>Jutta Pregenzer mit Team<\/p>\n<p>Pregenzer Fashion Store<\/p>\n<p>Schleifm\u00fchlgasse 4<\/p>\n<p>1040 Wien<\/p>\n<p>.<\/p>\n<p>.<\/p>\n<p>.<\/p>\n<p>#stayathome #pregenzerfashionstore #wirschaffendas<\/p>\n<p>#bleibtgesund<\/p>\n<p>#hoffnungnichtverlieren<\/p>\n<p>#sustainablefashion #thereisnoplanetb<\/p>\n<p>#withlove #fashionnevergoesoutofstyle #stayhealthy #letsbestrongtogether #goodvibesonly<\/p>\n<p>#weloveyouall \u2764\ufe0f<\/p>\n","protected":false},"excerpt":{"rendered":"<p>\ud83d\udc8b #stayathome #weneedyou Ihr k\u00f6nnt ab sofort via E-Mail office@pregenzer.com oder pers\u00f6nlicher Nachricht auf Facebook und Instagram eure Bestellungen aufgeben, eure W\u00fcnsche kundtun \ud83d\udc9b ihr k\u00f6nnt uns aber gerne auch mit G U T S C H E I N E N unterst\u00fctzen, die bei der Wiederer\u00f6ffnung sofort eingel\u00f6st werden k\u00f6nnen! https:\/\/m.facebook.com\/PREGENZER.FASHION.STORE\/ https:\/\/www.instagram.com\/pregenzer\/ . .<a href=\"https:\/\/pregenzer.com\/blog\/wuensche-bestellungen-willkommen\/\" class=\"df-link-excerpt\">Continue reading<\/a><\/p>\n","protected":false},"author":1,"featured_media":2915,"comment_status":"open","ping_status":"open","sticky":false,"template":"","format":"standard","meta":[],"categories":[41,48,40],"tags":[],"_links":{"self":[{"href":"https:\/\/pregenzer.com\/blog\/wp-json\/wp\/v2\/posts\/2916"}],"collection":[{"href":"https:\/\/pregenzer.com\/blog\/wp-json\/wp\/v2\/posts"}],"about":[{"href":"https:\/\/pregenzer.com\/blog\/wp-json\/wp\/v2\/types\/post"}],"author":[{"embeddable":true,"href":"https:\/\/pregenzer.com\/blog\/wp-json\/wp\/v2\/users\/1"}],"replies":[{"embeddable":true,"href":"https:\/\/pregenzer.com\/blog\/wp-json\/wp\/v2\/comments?post=2916"}],"version-history":[{"count":1,"href":"https:\/\/pregenzer.com\/blog\/wp-json\/wp\/v2\/posts\/2916\/revisions"}],"predecessor-version":[{"id":2917,"href":"https:\/\/pregenzer.com\/blog\/wp-json\/wp\/v2\/posts\/2916\/revisions\/2917"}],"wp:featuredmedia":[{"embeddable":true,"href":"https:\/\/pregenzer.com\/blog\/wp-json\/wp\/v2\/media\/2915"}],"wp:attachment":[{"href":"https:\/\/pregenzer.com\/blog\/wp-json\/wp\/v2\/media?parent=2916"}],"wp:term":[{"taxonomy":"category","embeddable":true,"href":"https:\/\/pregenzer.com\/blog\/wp-json\/wp\/v2\/categories?post=2916"},{"taxonomy":"post_tag","embeddable":true,"href":"https:\/\/pregenzer.com\/blog\/wp-json\/wp\/v2\/tags?post=2916"}],"curies":[{"name":"wp","href":"https:\/\/api.w.org\/{rel}","templated":true}]}}