{"id":2964,"date":"2020-04-30T06:53:53","date_gmt":"2020-04-30T05:53:53","guid":{"rendered":"http:\/\/pregenzer.com\/blog\/?p=2964"},"modified":"2020-04-30T06:53:54","modified_gmt":"2020-04-30T05:53:54","slug":"tone-fink-mit-artone-nasen-mund-schutz","status":"publish","type":"post","link":"https:\/\/pregenzer.com\/blog\/tone-fink-mit-artone-nasen-mund-schutz\/","title":{"rendered":"Tone Fink mit Artone Nasen Mund Schutz"},"content":{"rendered":"<p>Handmade with Love in Vienna<\/p>\n<p>Die Masken aus Artonestoffen, gefertigt von Jutta Pregenzer sind erh\u00e4ltlich im Pregenzer Fashion Store.<\/p>\n<p>Die Stoffe enstanden in Zusammenarbeit mit dem Vorarlberger K\u00fcnstler Tone Fink und der Vorarlberger Firma Josef Otten.<\/p>\n<p>Die Stoffe sind alle aus dem Archiv und sind nicht mehr erh\u00e4ltlich!<\/p>\n<p>Limited Edition \/ nur so lange bis alle Stoffe aufgearbeitet sind.<\/p>\n<p>\ud83d\ude37 first come, first serve \ud83d\ude37<\/p>\n<p>Pro Maske 20,00<\/p>\n<p>Zu bestellen auf Facebook, Instagram<\/p>\n<p>per Email: office@pregenzer.com<\/p>\n<p>oder einfach im Gesch\u00e4ft vorbeischauen und abholen!<\/p>\n<p><img loading=\"lazy\" src=\"http:\/\/pregenzer.com\/blog\/wp-content\/uploads\/2020\/04\/img_9783.jpg\" class=\"size-full wp-image-2962\" width=\"1512\" height=\"2016\" srcset=\"https:\/\/pregenzer.com\/blog\/wp-content\/uploads\/2020\/04\/img_9783.jpg 1512w, https:\/\/pregenzer.com\/blog\/wp-content\/uploads\/2020\/04\/img_9783-225x300.jpg 225w, https:\/\/pregenzer.com\/blog\/wp-content\/uploads\/2020\/04\/img_9783-768x1024.jpg 768w\" sizes=\"(max-width: 1512px) 100vw, 1512px\" \/><img loading=\"lazy\" src=\"http:\/\/pregenzer.com\/blog\/wp-content\/uploads\/2020\/04\/img_9784.png\" class=\"size-full wp-image-2963\" width=\"750\" height=\"1334\" srcset=\"https:\/\/pregenzer.com\/blog\/wp-content\/uploads\/2020\/04\/img_9784.png 750w, https:\/\/pregenzer.com\/blog\/wp-content\/uploads\/2020\/04\/img_9784-169x300.png 169w, https:\/\/pregenzer.com\/blog\/wp-content\/uploads\/2020\/04\/img_9784-576x1024.png 576w\" sizes=\"(max-width: 750px) 100vw, 750px\" \/><\/p>\n","protected":false},"excerpt":{"rendered":"<p>Handmade with Love in Vienna Die Masken aus Artonestoffen, gefertigt von Jutta Pregenzer sind erh\u00e4ltlich im Pregenzer Fashion Store. Die Stoffe enstanden in Zusammenarbeit mit dem Vorarlberger K\u00fcnstler Tone Fink und der Vorarlberger Firma Josef Otten. Die Stoffe sind alle aus dem Archiv und sind nicht mehr erh\u00e4ltlich! Limited Edition \/ nur so lange bis<a href=\"https:\/\/pregenzer.com\/blog\/tone-fink-mit-artone-nasen-mund-schutz\/\" class=\"df-link-excerpt\">Continue reading<\/a><\/p>\n","protected":false},"author":1,"featured_media":2961,"comment_status":"open","ping_status":"open","sticky":false,"template":"","format":"standard","meta":[],"categories":[1],"tags":[],"_links":{"self":[{"href":"https:\/\/pregenzer.com\/blog\/wp-json\/wp\/v2\/posts\/2964"}],"collection":[{"href":"https:\/\/pregenzer.com\/blog\/wp-json\/wp\/v2\/posts"}],"about":[{"href":"https:\/\/pregenzer.com\/blog\/wp-json\/wp\/v2\/types\/post"}],"author":[{"embeddable":true,"href":"https:\/\/pregenzer.com\/blog\/wp-json\/wp\/v2\/users\/1"}],"replies":[{"embeddable":true,"href":"https:\/\/pregenzer.com\/blog\/wp-json\/wp\/v2\/comments?post=2964"}],"version-history":[{"count":1,"href":"https:\/\/pregenzer.com\/blog\/wp-json\/wp\/v2\/posts\/2964\/revisions"}],"predecessor-version":[{"id":2965,"href":"https:\/\/pregenzer.com\/blog\/wp-json\/wp\/v2\/posts\/2964\/revisions\/2965"}],"wp:featuredmedia":[{"embeddable":true,"href":"https:\/\/pregenzer.com\/blog\/wp-json\/wp\/v2\/media\/2961"}],"wp:attachment":[{"href":"https:\/\/pregenzer.com\/blog\/wp-json\/wp\/v2\/media?parent=2964"}],"wp:term":[{"taxonomy":"category","embeddable":true,"href":"https:\/\/pregenzer.com\/blog\/wp-json\/wp\/v2\/categories?post=2964"},{"taxonomy":"post_tag","embeddable":true,"href":"https:\/\/pregenzer.com\/blog\/wp-json\/wp\/v2\/tags?post=2964"}],"curies":[{"name":"wp","href":"https:\/\/api.w.org\/{rel}","templated":true}]}}