{"id":3128,"date":"2020-08-31T09:59:38","date_gmt":"2020-08-31T08:59:38","guid":{"rendered":"https:\/\/pregenzer.com\/blog\/?p=3128"},"modified":"2020-08-31T09:59:39","modified_gmt":"2020-08-31T08:59:39","slug":"new-season-start-fall-winter-2020","status":"publish","type":"post","link":"https:\/\/pregenzer.com\/blog\/new-season-start-fall-winter-2020\/","title":{"rendered":"New Season Start Fall\/Winter 2020"},"content":{"rendered":"\n<p>Wir haben bereits viele sch\u00f6ne Herbstteile im Gesch\u00e4ft. Auch Kollektionsteile, die sich wunderbar f\u00fcr den \u00dcbergang vom Sommer in den Herbst eignen. <\/p>\n\n\n\n<p><\/p>\n\n\n\n<p>Am Bild die tollen Kleider von 0039 Italy die sowohl f\u00fcr den Herbst, wie auch f\u00fcr den Winter kombiniert werden k\u00f6nnen! <\/p>\n\n\n\n<p><\/p>\n\n\n\n<figure class=\"wp-block-image size-large\"><img loading=\"lazy\" width=\"1440\" height=\"1440\" src=\"https:\/\/pregenzer.com\/blog\/wp-content\/uploads\/2020\/08\/img_3458.jpg\" alt=\"\" class=\"wp-image-3124\" srcset=\"https:\/\/pregenzer.com\/blog\/wp-content\/uploads\/2020\/08\/img_3458.jpg 1440w, https:\/\/pregenzer.com\/blog\/wp-content\/uploads\/2020\/08\/img_3458-150x150.jpg 150w, https:\/\/pregenzer.com\/blog\/wp-content\/uploads\/2020\/08\/img_3458-300x300.jpg 300w, https:\/\/pregenzer.com\/blog\/wp-content\/uploads\/2020\/08\/img_3458-768x768.jpg 768w, https:\/\/pregenzer.com\/blog\/wp-content\/uploads\/2020\/08\/img_3458-1024x1024.jpg 1024w, https:\/\/pregenzer.com\/blog\/wp-content\/uploads\/2020\/08\/img_3458-500x500.jpg 500w, https:\/\/pregenzer.com\/blog\/wp-content\/uploads\/2020\/08\/img_3458-80x80.jpg 80w, https:\/\/pregenzer.com\/blog\/wp-content\/uploads\/2020\/08\/img_3458-180x180.jpg 180w\" sizes=\"(max-width: 1440px) 100vw, 1440px\" \/><\/figure>\n\n\n\n<figure class=\"wp-block-image size-large\"><img loading=\"lazy\" width=\"1440\" height=\"1440\" src=\"https:\/\/pregenzer.com\/blog\/wp-content\/uploads\/2020\/08\/img_3455.jpg\" alt=\"\" class=\"wp-image-3126\" srcset=\"https:\/\/pregenzer.com\/blog\/wp-content\/uploads\/2020\/08\/img_3455.jpg 1440w, https:\/\/pregenzer.com\/blog\/wp-content\/uploads\/2020\/08\/img_3455-150x150.jpg 150w, https:\/\/pregenzer.com\/blog\/wp-content\/uploads\/2020\/08\/img_3455-300x300.jpg 300w, https:\/\/pregenzer.com\/blog\/wp-content\/uploads\/2020\/08\/img_3455-768x768.jpg 768w, https:\/\/pregenzer.com\/blog\/wp-content\/uploads\/2020\/08\/img_3455-1024x1024.jpg 1024w, https:\/\/pregenzer.com\/blog\/wp-content\/uploads\/2020\/08\/img_3455-500x500.jpg 500w, https:\/\/pregenzer.com\/blog\/wp-content\/uploads\/2020\/08\/img_3455-80x80.jpg 80w, https:\/\/pregenzer.com\/blog\/wp-content\/uploads\/2020\/08\/img_3455-180x180.jpg 180w\" sizes=\"(max-width: 1440px) 100vw, 1440px\" \/><\/figure>\n","protected":false},"excerpt":{"rendered":"<p>Wir haben bereits viele sch\u00f6ne Herbstteile im Gesch\u00e4ft. Auch Kollektionsteile, die sich wunderbar f\u00fcr den \u00dcbergang vom Sommer in den Herbst eignen. Am Bild die tollen Kleider von 0039 Italy die sowohl f\u00fcr den Herbst, wie auch f\u00fcr den Winter kombiniert werden k\u00f6nnen!<\/p>\n","protected":false},"author":1,"featured_media":3127,"comment_status":"open","ping_status":"open","sticky":false,"template":"","format":"standard","meta":[],"categories":[41,48,40],"tags":[],"_links":{"self":[{"href":"https:\/\/pregenzer.com\/blog\/wp-json\/wp\/v2\/posts\/3128"}],"collection":[{"href":"https:\/\/pregenzer.com\/blog\/wp-json\/wp\/v2\/posts"}],"about":[{"href":"https:\/\/pregenzer.com\/blog\/wp-json\/wp\/v2\/types\/post"}],"author":[{"embeddable":true,"href":"https:\/\/pregenzer.com\/blog\/wp-json\/wp\/v2\/users\/1"}],"replies":[{"embeddable":true,"href":"https:\/\/pregenzer.com\/blog\/wp-json\/wp\/v2\/comments?post=3128"}],"version-history":[{"count":1,"href":"https:\/\/pregenzer.com\/blog\/wp-json\/wp\/v2\/posts\/3128\/revisions"}],"predecessor-version":[{"id":3129,"href":"https:\/\/pregenzer.com\/blog\/wp-json\/wp\/v2\/posts\/3128\/revisions\/3129"}],"wp:featuredmedia":[{"embeddable":true,"href":"https:\/\/pregenzer.com\/blog\/wp-json\/wp\/v2\/media\/3127"}],"wp:attachment":[{"href":"https:\/\/pregenzer.com\/blog\/wp-json\/wp\/v2\/media?parent=3128"}],"wp:term":[{"taxonomy":"category","embeddable":true,"href":"https:\/\/pregenzer.com\/blog\/wp-json\/wp\/v2\/categories?post=3128"},{"taxonomy":"post_tag","embeddable":true,"href":"https:\/\/pregenzer.com\/blog\/wp-json\/wp\/v2\/tags?post=3128"}],"curies":[{"name":"wp","href":"https:\/\/api.w.org\/{rel}","templated":true}]}}