{"id":3378,"date":"2020-11-27T12:35:10","date_gmt":"2020-11-27T11:35:10","guid":{"rendered":"https:\/\/pregenzer.com\/blog\/?p=3378"},"modified":"2020-11-27T12:35:10","modified_gmt":"2020-11-27T11:35:10","slug":"pregenzerfriends-modus-vivendi","status":"publish","type":"post","link":"https:\/\/pregenzer.com\/blog\/pregenzerfriends-modus-vivendi\/","title":{"rendered":"Pregenzer&amp;friends Modus Vivendi"},"content":{"rendered":"\n<p><em>PREGENZER &amp; Friends<\/em><\/p>\n\n\n\n<p>Part 2<br \/>MODUS VIVENDI WIEN<br \/>FASHION MADE IN VIENNA<br \/>Monika Bacher, Charlotte Maager, Vera Sperl<\/p>\n\n\n\n<p>SCHAUfenster BEI PREGENZER<\/p>\n\n\n\n<p>Seit Jahren verbindet uns nicht nur Mode, sondern auch FREUNDSCHAFT und deshalb ist es mir eine sehr gro\u00dfe Freude, ein paar ausgew\u00e4hlte Strickteile von Modus Vivendi zeigen zu d\u00fcrfen \u2764\ufe0f<\/p>\n\n\n\n<p>Text Modus VIvendi:<br \/>Das Wiener Label steht f\u00fcr eine urbane, unangestrengte Mode mit dem Touch des Besonderen.<br \/>\u200b<br \/>Gegr\u00fcndet 1988 erzeugt MODUS VIVENDI Kollektionen f\u00fcr Damen und Herren. Feinste Materialien und individuelle Schnitte stehen im Fokus der Kollektionen. Handgefertigte Strickwaren aus 100 % Merinowolle mit charakteristischem Stil erg\u00e4nzen das Repertoire. Gefertigt wird im hauseigenen Atelier.<br \/>\u200b<br \/>Der MODUS VIVENDI Look: lebensbejahend, stark, kosmopolitisch und smart zugleich.<\/p>\n\n\n\n<p>https:\/\/www.modusvivendi.at\/<\/p>\n\n\n\n<p>WE LOVE IT &amp; we wear it \u2764\ufe0f<\/p>\n\n\n\n<figure class=\"wp-block-image size-large\"><img loading=\"lazy\" width=\"2598\" height=\"3333\" src=\"https:\/\/pregenzer.com\/blog\/wp-content\/uploads\/2020\/11\/img_6486.jpg\" alt=\"\" class=\"wp-image-3377\" srcset=\"https:\/\/pregenzer.com\/blog\/wp-content\/uploads\/2020\/11\/img_6486.jpg 2598w, https:\/\/pregenzer.com\/blog\/wp-content\/uploads\/2020\/11\/img_6486-234x300.jpg 234w, https:\/\/pregenzer.com\/blog\/wp-content\/uploads\/2020\/11\/img_6486-768x985.jpg 768w, https:\/\/pregenzer.com\/blog\/wp-content\/uploads\/2020\/11\/img_6486-798x1024.jpg 798w\" sizes=\"(max-width: 2598px) 100vw, 2598px\" \/><\/figure>\n\n\n\n<figure class=\"wp-block-image size-large\"><img loading=\"lazy\" width=\"3024\" height=\"4032\" src=\"https:\/\/pregenzer.com\/blog\/wp-content\/uploads\/2020\/11\/img_6497.jpg\" alt=\"\" class=\"wp-image-3372\" srcset=\"https:\/\/pregenzer.com\/blog\/wp-content\/uploads\/2020\/11\/img_6497.jpg 3024w, https:\/\/pregenzer.com\/blog\/wp-content\/uploads\/2020\/11\/img_6497-225x300.jpg 225w, https:\/\/pregenzer.com\/blog\/wp-content\/uploads\/2020\/11\/img_6497-768x1024.jpg 768w\" sizes=\"(max-width: 3024px) 100vw, 3024px\" \/><\/figure>\n\n\n\n<figure class=\"wp-block-image size-large\"><img loading=\"lazy\" width=\"3024\" height=\"4032\" src=\"https:\/\/pregenzer.com\/blog\/wp-content\/uploads\/2020\/11\/img_6490.jpg\" alt=\"\" class=\"wp-image-3373\" srcset=\"https:\/\/pregenzer.com\/blog\/wp-content\/uploads\/2020\/11\/img_6490.jpg 3024w, https:\/\/pregenzer.com\/blog\/wp-content\/uploads\/2020\/11\/img_6490-225x300.jpg 225w, https:\/\/pregenzer.com\/blog\/wp-content\/uploads\/2020\/11\/img_6490-768x1024.jpg 768w\" sizes=\"(max-width: 3024px) 100vw, 3024px\" \/><\/figure>\n\n\n\n<figure class=\"wp-block-image size-large\"><img loading=\"lazy\" width=\"3024\" height=\"4032\" src=\"https:\/\/pregenzer.com\/blog\/wp-content\/uploads\/2020\/11\/img_6498.jpg\" alt=\"\" class=\"wp-image-3374\" srcset=\"https:\/\/pregenzer.com\/blog\/wp-content\/uploads\/2020\/11\/img_6498.jpg 3024w, https:\/\/pregenzer.com\/blog\/wp-content\/uploads\/2020\/11\/img_6498-225x300.jpg 225w, https:\/\/pregenzer.com\/blog\/wp-content\/uploads\/2020\/11\/img_6498-768x1024.jpg 768w\" sizes=\"(max-width: 3024px) 100vw, 3024px\" \/><\/figure>\n","protected":false},"excerpt":{"rendered":"<p>PREGENZER &amp; Friends Part 2MODUS VIVENDI WIENFASHION MADE IN VIENNAMonika Bacher, Charlotte Maager, Vera Sperl SCHAUfenster BEI PREGENZER Seit Jahren verbindet uns nicht nur Mode, sondern auch FREUNDSCHAFT und deshalb ist es mir eine sehr gro\u00dfe Freude, ein paar ausgew\u00e4hlte Strickteile von Modus Vivendi zeigen zu d\u00fcrfen \u2764\ufe0f Text Modus VIvendi:Das Wiener Label steht f\u00fcr<a href=\"https:\/\/pregenzer.com\/blog\/pregenzerfriends-modus-vivendi\/\" class=\"df-link-excerpt\">Continue reading<\/a><\/p>\n","protected":false},"author":1,"featured_media":3375,"comment_status":"open","ping_status":"open","sticky":false,"template":"","format":"standard","meta":[],"categories":[40],"tags":[],"_links":{"self":[{"href":"https:\/\/pregenzer.com\/blog\/wp-json\/wp\/v2\/posts\/3378"}],"collection":[{"href":"https:\/\/pregenzer.com\/blog\/wp-json\/wp\/v2\/posts"}],"about":[{"href":"https:\/\/pregenzer.com\/blog\/wp-json\/wp\/v2\/types\/post"}],"author":[{"embeddable":true,"href":"https:\/\/pregenzer.com\/blog\/wp-json\/wp\/v2\/users\/1"}],"replies":[{"embeddable":true,"href":"https:\/\/pregenzer.com\/blog\/wp-json\/wp\/v2\/comments?post=3378"}],"version-history":[{"count":1,"href":"https:\/\/pregenzer.com\/blog\/wp-json\/wp\/v2\/posts\/3378\/revisions"}],"predecessor-version":[{"id":3379,"href":"https:\/\/pregenzer.com\/blog\/wp-json\/wp\/v2\/posts\/3378\/revisions\/3379"}],"wp:featuredmedia":[{"embeddable":true,"href":"https:\/\/pregenzer.com\/blog\/wp-json\/wp\/v2\/media\/3375"}],"wp:attachment":[{"href":"https:\/\/pregenzer.com\/blog\/wp-json\/wp\/v2\/media?parent=3378"}],"wp:term":[{"taxonomy":"category","embeddable":true,"href":"https:\/\/pregenzer.com\/blog\/wp-json\/wp\/v2\/categories?post=3378"},{"taxonomy":"post_tag","embeddable":true,"href":"https:\/\/pregenzer.com\/blog\/wp-json\/wp\/v2\/tags?post=3378"}],"curies":[{"name":"wp","href":"https:\/\/api.w.org\/{rel}","templated":true}]}}