{"id":3787,"date":"2021-03-27T14:45:43","date_gmt":"2021-03-27T13:45:43","guid":{"rendered":"https:\/\/pregenzer.com\/blog\/?p=3787"},"modified":"2021-03-27T14:45:43","modified_gmt":"2021-03-27T13:45:43","slug":"textiles-und-gemustertes-von-incomo-si","status":"publish","type":"post","link":"https:\/\/pregenzer.com\/blog\/textiles-und-gemustertes-von-incomo-si\/","title":{"rendered":"Textiles und Gemustertes von Incomo.si"},"content":{"rendered":"\n<p>Proudly present<br \/>Pregenzer &amp; friends<\/p>\n\n\n\n<p>SCHAUfenster<br \/>Part 5<\/p>\n\n\n\n<p>TEXTILES &amp; MUSTERHAFTES von Incomo.si<\/p>\n\n\n\n<p>INCOMO steht f\u00fcr Planung, Produktion und Dienstleistungen in den Bereichen Kunst, Architektur und Design. Seit ihrer \u00dcbersiedlung nach Slowenien 2014 arbeiten Mathis und Ewa Esterhazy hier an der Entwicklung neuer Projekte. Inzwischen leitet Qirin Esterhazy die Werkstatt, in der Auftragsarbeiten und eigene Entw\u00fcrfe umgesetzt werden. Ressourcen aus landwirtschaftlicher Produktion werden mit Bedacht genutzt und Eigenerzeugnisse angeboten.<br \/>Das Muster gibt es aus Metall gestanzt f\u00fcr Zaun- und Fassadengestaltung, als Wohnaccessoire auf Stoff gestickt oder gewoben und nun auch in genie\u00dfbarer Form.<\/p>\n\n\n\n<p>Leichte Decken zeigen das bew\u00e4hrte Muster in zwei Varianten: einmal genauso wie die gestanzten Lochbleche und einmal als Umrisslinien des Musters. Die Plaids werden aus Recycling-Baumwolle in Vorarlberg produziert.<\/p>\n\n\n\n<p>Die Servietten, mit dem Linienmuster in der eigenen Werkstatt bestickt, dienen als minimalistisch elegante Tischdekoration.<\/p>\n\n\n\n<p>Die reiche Ernte von unbehandelten Quitten aus eigenem Anbau liefert zu Quittenk\u00e4se verarbeitet ein musterg\u00fcltiges Mitbringsel.<\/p>\n\n\n\n<p>Der Flaschenkorb als Weiterentwicklung bzw. Neuinterpretation eines alten Entwurfs tr\u00e4gt den Saft der Direkttr\u00e4ger-Trauben aus eigener Produktion.<\/p>\n\n\n\n<p>Alle Objekte sind einzeln sch\u00f6ne Geschenke f\u00fcr sich und andere, insgesamt ein feines Ensemble als Grundausstattung f\u00fcrs Picknick im Freien.<\/p>\n\n\n\n<p>Decken a 75,-<br \/>6 Servietten 75,-<br \/>Quittenk\u00e4se 30,-<\/p>\n\n\n\n<p>INCOMO<br>incomo na\u010drtovanje, proizvodnja in storitve d.o.o. 9262 roga\u0161ovci 64, slovenija, contact: info@incomomo.si<\/p>\n\n\n\n<figure class=\"wp-block-image size-large\"><img loading=\"lazy\" width=\"3024\" height=\"4032\" src=\"https:\/\/pregenzer.com\/blog\/wp-content\/uploads\/2021\/03\/img_0535.jpg\" alt=\"\" class=\"wp-image-3783\" srcset=\"https:\/\/pregenzer.com\/blog\/wp-content\/uploads\/2021\/03\/img_0535.jpg 3024w, https:\/\/pregenzer.com\/blog\/wp-content\/uploads\/2021\/03\/img_0535-225x300.jpg 225w, https:\/\/pregenzer.com\/blog\/wp-content\/uploads\/2021\/03\/img_0535-768x1024.jpg 768w\" sizes=\"(max-width: 3024px) 100vw, 3024px\" \/><\/figure>\n\n\n\n<figure class=\"wp-block-image size-large\"><img loading=\"lazy\" width=\"828\" height=\"813\" src=\"https:\/\/pregenzer.com\/blog\/wp-content\/uploads\/2021\/03\/img_0605.jpg\" alt=\"\" class=\"wp-image-3784\" srcset=\"https:\/\/pregenzer.com\/blog\/wp-content\/uploads\/2021\/03\/img_0605.jpg 828w, https:\/\/pregenzer.com\/blog\/wp-content\/uploads\/2021\/03\/img_0605-300x295.jpg 300w, https:\/\/pregenzer.com\/blog\/wp-content\/uploads\/2021\/03\/img_0605-768x754.jpg 768w, https:\/\/pregenzer.com\/blog\/wp-content\/uploads\/2021\/03\/img_0605-80x80.jpg 80w\" sizes=\"(max-width: 828px) 100vw, 828px\" \/><\/figure>\n\n\n\n<figure class=\"wp-block-image size-large\"><img loading=\"lazy\" width=\"3024\" height=\"4032\" src=\"https:\/\/pregenzer.com\/blog\/wp-content\/uploads\/2021\/03\/img_0521.jpg\" alt=\"\" class=\"wp-image-3785\" srcset=\"https:\/\/pregenzer.com\/blog\/wp-content\/uploads\/2021\/03\/img_0521.jpg 3024w, https:\/\/pregenzer.com\/blog\/wp-content\/uploads\/2021\/03\/img_0521-225x300.jpg 225w, https:\/\/pregenzer.com\/blog\/wp-content\/uploads\/2021\/03\/img_0521-768x1024.jpg 768w\" sizes=\"(max-width: 3024px) 100vw, 3024px\" \/><\/figure>\n","protected":false},"excerpt":{"rendered":"<p>Proudly presentPregenzer &amp; friends SCHAUfensterPart 5 TEXTILES &amp; MUSTERHAFTES von Incomo.si INCOMO steht f\u00fcr Planung, Produktion und Dienstleistungen in den Bereichen Kunst, Architektur und Design. Seit ihrer \u00dcbersiedlung nach Slowenien 2014 arbeiten Mathis und Ewa Esterhazy hier an der Entwicklung neuer Projekte. Inzwischen leitet Qirin Esterhazy die Werkstatt, in der Auftragsarbeiten und eigene Entw\u00fcrfe umgesetzt<a href=\"https:\/\/pregenzer.com\/blog\/textiles-und-gemustertes-von-incomo-si\/\" class=\"df-link-excerpt\">Continue reading<\/a><\/p>\n","protected":false},"author":1,"featured_media":3786,"comment_status":"open","ping_status":"open","sticky":false,"template":"","format":"standard","meta":[],"categories":[43],"tags":[],"_links":{"self":[{"href":"https:\/\/pregenzer.com\/blog\/wp-json\/wp\/v2\/posts\/3787"}],"collection":[{"href":"https:\/\/pregenzer.com\/blog\/wp-json\/wp\/v2\/posts"}],"about":[{"href":"https:\/\/pregenzer.com\/blog\/wp-json\/wp\/v2\/types\/post"}],"author":[{"embeddable":true,"href":"https:\/\/pregenzer.com\/blog\/wp-json\/wp\/v2\/users\/1"}],"replies":[{"embeddable":true,"href":"https:\/\/pregenzer.com\/blog\/wp-json\/wp\/v2\/comments?post=3787"}],"version-history":[{"count":1,"href":"https:\/\/pregenzer.com\/blog\/wp-json\/wp\/v2\/posts\/3787\/revisions"}],"predecessor-version":[{"id":3788,"href":"https:\/\/pregenzer.com\/blog\/wp-json\/wp\/v2\/posts\/3787\/revisions\/3788"}],"wp:featuredmedia":[{"embeddable":true,"href":"https:\/\/pregenzer.com\/blog\/wp-json\/wp\/v2\/media\/3786"}],"wp:attachment":[{"href":"https:\/\/pregenzer.com\/blog\/wp-json\/wp\/v2\/media?parent=3787"}],"wp:term":[{"taxonomy":"category","embeddable":true,"href":"https:\/\/pregenzer.com\/blog\/wp-json\/wp\/v2\/categories?post=3787"},{"taxonomy":"post_tag","embeddable":true,"href":"https:\/\/pregenzer.com\/blog\/wp-json\/wp\/v2\/tags?post=3787"}],"curies":[{"name":"wp","href":"https:\/\/api.w.org\/{rel}","templated":true}]}}