{"id":3921,"date":"2021-05-10T09:08:19","date_gmt":"2021-05-10T08:08:19","guid":{"rendered":"https:\/\/pregenzer.com\/blog\/?p=3921"},"modified":"2021-05-10T09:08:20","modified_gmt":"2021-05-10T08:08:20","slug":"monday-mood-5","status":"publish","type":"post","link":"https:\/\/pregenzer.com\/blog\/monday-mood-5\/","title":{"rendered":"Monday Mood"},"content":{"rendered":"\n<p>Monday Mood \ud83d\udc99<\/p>\n\n\n\n<p>Leokleid<\/p>\n\n\n\n<p>PREGENZER COLLECTION<\/p>\n\n\n\n<p>unsere vorl\u00e4ufigen \u00d6ffnungszeiten<\/p>\n\n\n\n<p>MO &amp; FR 11:00 bis 18:00 Uhr<\/p>\n\n\n\n<p>SA 11:00 &#8211; 15:00 Uhr<\/p>\n\n\n\n<p>F\u00fcr pers\u00f6nliches *PRIVATE SHOPPING* k\u00f6nnt ihr ausserhalb dieser \u00d6ffnungszeiten jederzeit nach Terminvereinbarung kommen! Wir freuen uns euch wiederzusehen und das ihr endlich unsere neuen Kollektionen pers\u00f6nlich im Gesch\u00e4ft anprobieren k\u00f6nnt.<\/p>\n\n\n\n<p>Fotos:<\/p>\n\n\n\n<p>@froe_sebastian<\/p>\n\n\n\n<p>Hair: Krebs Nathalie @_mrs.nathi<\/p>\n\n\n\n<p>Make-up: Niemand Melanie @melio_nie<\/p>\n\n\n\n<p>model: @nonolimit_<\/p>\n\n\n\n<p>Copyright aller Fotos : FH St.P\u00f6lten<\/p>\n\n\n\n<figure class=\"wp-block-image size-large\"><img loading=\"lazy\" width=\"828\" height=\"1065\" src=\"https:\/\/pregenzer.com\/blog\/wp-content\/uploads\/2021\/05\/img_2333.jpg\" alt=\"\" class=\"wp-image-3919\" srcset=\"https:\/\/pregenzer.com\/blog\/wp-content\/uploads\/2021\/05\/img_2333.jpg 828w, https:\/\/pregenzer.com\/blog\/wp-content\/uploads\/2021\/05\/img_2333-233x300.jpg 233w, https:\/\/pregenzer.com\/blog\/wp-content\/uploads\/2021\/05\/img_2333-768x988.jpg 768w, https:\/\/pregenzer.com\/blog\/wp-content\/uploads\/2021\/05\/img_2333-796x1024.jpg 796w\" sizes=\"(max-width: 828px) 100vw, 828px\" \/><\/figure>\n\n\n\n<figure class=\"wp-block-image size-large\"><img loading=\"lazy\" width=\"813\" height=\"1064\" src=\"https:\/\/pregenzer.com\/blog\/wp-content\/uploads\/2021\/05\/img_2334.jpg\" alt=\"\" class=\"wp-image-3920\" srcset=\"https:\/\/pregenzer.com\/blog\/wp-content\/uploads\/2021\/05\/img_2334.jpg 813w, https:\/\/pregenzer.com\/blog\/wp-content\/uploads\/2021\/05\/img_2334-229x300.jpg 229w, https:\/\/pregenzer.com\/blog\/wp-content\/uploads\/2021\/05\/img_2334-768x1005.jpg 768w, https:\/\/pregenzer.com\/blog\/wp-content\/uploads\/2021\/05\/img_2334-782x1024.jpg 782w\" sizes=\"(max-width: 813px) 100vw, 813px\" \/><\/figure>\n","protected":false},"excerpt":{"rendered":"<p>Monday Mood \ud83d\udc99 Leokleid PREGENZER COLLECTION unsere vorl\u00e4ufigen \u00d6ffnungszeiten MO &amp; FR 11:00 bis 18:00 Uhr SA 11:00 &#8211; 15:00 Uhr F\u00fcr pers\u00f6nliches *PRIVATE SHOPPING* k\u00f6nnt ihr ausserhalb dieser \u00d6ffnungszeiten jederzeit nach Terminvereinbarung kommen! Wir freuen uns euch wiederzusehen und das ihr endlich unsere neuen Kollektionen pers\u00f6nlich im Gesch\u00e4ft anprobieren k\u00f6nnt. Fotos: @froe_sebastian Hair: Krebs<a href=\"https:\/\/pregenzer.com\/blog\/monday-mood-5\/\" class=\"df-link-excerpt\">Continue reading<\/a><\/p>\n","protected":false},"author":1,"featured_media":3918,"comment_status":"open","ping_status":"open","sticky":false,"template":"","format":"standard","meta":[],"categories":[41,48,40],"tags":[],"_links":{"self":[{"href":"https:\/\/pregenzer.com\/blog\/wp-json\/wp\/v2\/posts\/3921"}],"collection":[{"href":"https:\/\/pregenzer.com\/blog\/wp-json\/wp\/v2\/posts"}],"about":[{"href":"https:\/\/pregenzer.com\/blog\/wp-json\/wp\/v2\/types\/post"}],"author":[{"embeddable":true,"href":"https:\/\/pregenzer.com\/blog\/wp-json\/wp\/v2\/users\/1"}],"replies":[{"embeddable":true,"href":"https:\/\/pregenzer.com\/blog\/wp-json\/wp\/v2\/comments?post=3921"}],"version-history":[{"count":1,"href":"https:\/\/pregenzer.com\/blog\/wp-json\/wp\/v2\/posts\/3921\/revisions"}],"predecessor-version":[{"id":3922,"href":"https:\/\/pregenzer.com\/blog\/wp-json\/wp\/v2\/posts\/3921\/revisions\/3922"}],"wp:featuredmedia":[{"embeddable":true,"href":"https:\/\/pregenzer.com\/blog\/wp-json\/wp\/v2\/media\/3918"}],"wp:attachment":[{"href":"https:\/\/pregenzer.com\/blog\/wp-json\/wp\/v2\/media?parent=3921"}],"wp:term":[{"taxonomy":"category","embeddable":true,"href":"https:\/\/pregenzer.com\/blog\/wp-json\/wp\/v2\/categories?post=3921"},{"taxonomy":"post_tag","embeddable":true,"href":"https:\/\/pregenzer.com\/blog\/wp-json\/wp\/v2\/tags?post=3921"}],"curies":[{"name":"wp","href":"https:\/\/api.w.org\/{rel}","templated":true}]}}