{"id":4671,"date":"2022-08-30T09:34:17","date_gmt":"2022-08-30T08:34:17","guid":{"rendered":"https:\/\/pregenzer.com\/blog\/?p=4671"},"modified":"2022-08-30T09:34:17","modified_gmt":"2022-08-30T08:34:17","slug":"color-for-a-new-saison","status":"publish","type":"post","link":"https:\/\/pregenzer.com\/blog\/color-for-a-new-saison\/","title":{"rendered":"Color for a new Saison"},"content":{"rendered":"\n<p>Wir lieben Farben und diesen Herbst wird es sehr bunt.<\/p>\n\n\n\n<p>Eine Trendfarbe, die im Herbst\/Winter \u00fcberall pr\u00e4sent sein wird, ist Gr\u00fcn. Dieses leuchtende Gr\u00fcn strahlt Hoffnung aus und ist gleichzeitig ein \u00f6kologisches Manifest, das man jeden Tag tragen kann. Von vielen Designern wurde das intensive Grasgr\u00fcn zur Trendfarbe der Saison gew\u00e4hlt.<\/p>\n\n\n\n<p>Gr\u00fcn wirkt beruhigend und nat\u00fcrlich. Psychologisch gesehen verbinden wir mit Gr\u00fcn Leben, Natur, Zufriedenheit, Gl\u00fcck und Hoffnung.<\/p>\n\n\n\n<p>Anzug @samsoesamsoe<\/p>\n\n\n\n<figure class=\"wp-block-image size-large\"><img loading=\"lazy\" width=\"1024\" height=\"1024\" src=\"https:\/\/pregenzer.com\/blog\/wp-content\/uploads\/2022\/08\/4c8cdb52-5352-4d2d-a706-025b8e4850d6-1024x1024.jpg\" class=\"wp-image-4668\" srcset=\"https:\/\/pregenzer.com\/blog\/wp-content\/uploads\/2022\/08\/4c8cdb52-5352-4d2d-a706-025b8e4850d6-1024x1024.jpg 1024w, https:\/\/pregenzer.com\/blog\/wp-content\/uploads\/2022\/08\/4c8cdb52-5352-4d2d-a706-025b8e4850d6-300x300.jpg 300w, https:\/\/pregenzer.com\/blog\/wp-content\/uploads\/2022\/08\/4c8cdb52-5352-4d2d-a706-025b8e4850d6-150x150.jpg 150w, https:\/\/pregenzer.com\/blog\/wp-content\/uploads\/2022\/08\/4c8cdb52-5352-4d2d-a706-025b8e4850d6-768x768.jpg 768w, https:\/\/pregenzer.com\/blog\/wp-content\/uploads\/2022\/08\/4c8cdb52-5352-4d2d-a706-025b8e4850d6-500x500.jpg 500w, https:\/\/pregenzer.com\/blog\/wp-content\/uploads\/2022\/08\/4c8cdb52-5352-4d2d-a706-025b8e4850d6-80x80.jpg 80w, https:\/\/pregenzer.com\/blog\/wp-content\/uploads\/2022\/08\/4c8cdb52-5352-4d2d-a706-025b8e4850d6-180x180.jpg 180w, https:\/\/pregenzer.com\/blog\/wp-content\/uploads\/2022\/08\/4c8cdb52-5352-4d2d-a706-025b8e4850d6.jpg 1440w\" sizes=\"(max-width: 1024px) 100vw, 1024px\" \/><\/figure>\n\n\n\n<figure class=\"wp-block-image size-large\"><img loading=\"lazy\" width=\"682\" height=\"1024\" src=\"https:\/\/pregenzer.com\/blog\/wp-content\/uploads\/2022\/08\/img_7854-682x1024.jpg\" class=\"wp-image-4669\" srcset=\"https:\/\/pregenzer.com\/blog\/wp-content\/uploads\/2022\/08\/img_7854-682x1024.jpg 682w, https:\/\/pregenzer.com\/blog\/wp-content\/uploads\/2022\/08\/img_7854-200x300.jpg 200w, https:\/\/pregenzer.com\/blog\/wp-content\/uploads\/2022\/08\/img_7854-768x1152.jpg 768w, https:\/\/pregenzer.com\/blog\/wp-content\/uploads\/2022\/08\/img_7854-1024x1536.jpg 1024w, https:\/\/pregenzer.com\/blog\/wp-content\/uploads\/2022\/08\/img_7854.jpg 1333w\" sizes=\"(max-width: 682px) 100vw, 682px\" \/><\/figure>\n","protected":false},"excerpt":{"rendered":"<p>Wir lieben Farben und diesen Herbst wird es sehr bunt. Eine Trendfarbe, die im Herbst\/Winter \u00fcberall pr\u00e4sent sein wird, ist Gr\u00fcn. Dieses leuchtende Gr\u00fcn strahlt Hoffnung aus und ist gleichzeitig ein \u00f6kologisches Manifest, das man jeden Tag tragen kann. Von vielen Designern wurde das intensive Grasgr\u00fcn zur Trendfarbe der Saison gew\u00e4hlt. Gr\u00fcn wirkt beruhigend und<a href=\"https:\/\/pregenzer.com\/blog\/color-for-a-new-saison\/\" class=\"df-link-excerpt\">Continue reading<\/a><\/p>\n","protected":false},"author":1,"featured_media":4670,"comment_status":"open","ping_status":"open","sticky":false,"template":"","format":"standard","meta":[],"categories":[41,48,40],"tags":[],"_links":{"self":[{"href":"https:\/\/pregenzer.com\/blog\/wp-json\/wp\/v2\/posts\/4671"}],"collection":[{"href":"https:\/\/pregenzer.com\/blog\/wp-json\/wp\/v2\/posts"}],"about":[{"href":"https:\/\/pregenzer.com\/blog\/wp-json\/wp\/v2\/types\/post"}],"author":[{"embeddable":true,"href":"https:\/\/pregenzer.com\/blog\/wp-json\/wp\/v2\/users\/1"}],"replies":[{"embeddable":true,"href":"https:\/\/pregenzer.com\/blog\/wp-json\/wp\/v2\/comments?post=4671"}],"version-history":[{"count":1,"href":"https:\/\/pregenzer.com\/blog\/wp-json\/wp\/v2\/posts\/4671\/revisions"}],"predecessor-version":[{"id":4672,"href":"https:\/\/pregenzer.com\/blog\/wp-json\/wp\/v2\/posts\/4671\/revisions\/4672"}],"wp:featuredmedia":[{"embeddable":true,"href":"https:\/\/pregenzer.com\/blog\/wp-json\/wp\/v2\/media\/4670"}],"wp:attachment":[{"href":"https:\/\/pregenzer.com\/blog\/wp-json\/wp\/v2\/media?parent=4671"}],"wp:term":[{"taxonomy":"category","embeddable":true,"href":"https:\/\/pregenzer.com\/blog\/wp-json\/wp\/v2\/categories?post=4671"},{"taxonomy":"post_tag","embeddable":true,"href":"https:\/\/pregenzer.com\/blog\/wp-json\/wp\/v2\/tags?post=4671"}],"curies":[{"name":"wp","href":"https:\/\/api.w.org\/{rel}","templated":true}]}}