{"id":5296,"date":"2023-10-12T06:41:54","date_gmt":"2023-10-12T05:41:54","guid":{"rendered":"https:\/\/pregenzer.com\/blog\/?p=5296"},"modified":"2023-10-12T06:41:55","modified_gmt":"2023-10-12T05:41:55","slug":"come-join","status":"publish","type":"post","link":"https:\/\/pregenzer.com\/blog\/come-join\/","title":{"rendered":"Come &amp; Join"},"content":{"rendered":"\n<p><\/p>\n\n\n\n<p>Zum Jubil\u00e4um der Blickfang 20 Jahre gibt es viele Side Events! Zu finden auf der Homepage der Blickfang. Auch wir sind mit dabei.<\/p>\n\n\n\n<p>MEET THE DESIGNER: MONIKA WALLNER BE SEEN \u2013 MODEPR\u00c4SENTATION<br \/>@monikawallner.reflectivewear<\/p>\n\n\n\n<p>Das neue Wiener Modelabel Monika Wallner Reflective Wear schlie\u00dft eine L\u00fccke zwischen Mode und Sportbekleidung. Durch l\u00e4ssige und gleichzeitig elegante Schnitte mit reflektierenden Details setzt die Designerin neue Ma\u00dfst\u00e4be f\u00fcr modisch und sportlich orientierte Ladies. Reflektierende Details schimmern elegant am Tag und bieten Sichtbarkeit bei D\u00e4mmerung und in der Nacht.<\/p>\n\n\n\n<p>Do I 12. Okt I 16-19 Uhr<br \/>Fashion Cocktail<\/p>\n\n\n\n<p>PREGENZER FASHION STORE<\/p>\n\n\n\n<p>Schleifm\u00fchlgasse 4<\/p>\n\n\n\n<p>1040 Wien<br \/>.<br \/>.<br \/>.<br \/>.<br \/>.<\/p>\n\n\n\n<h1 class=\"wp-block-heading\">designdays<\/h1>\n\n\n\n<h1 class=\"wp-block-heading\">20jahreblickfang<\/h1>\n\n\n\n<h1 class=\"wp-block-heading\">sideevent<\/h1>\n\n\n\n<h1 class=\"wp-block-heading\">fashioncocktail<\/h1>\n\n\n\n<h1 class=\"wp-block-heading\">monikawallnerreflectivewear<\/h1>\n\n\n\n<h1 class=\"wp-block-heading\">presentation<\/h1>\n\n\n\n<h1 class=\"wp-block-heading\">designer<\/h1>\n\n\n\n<h1 class=\"wp-block-heading\">designertalks<\/h1>\n\n\n\n<h1 class=\"wp-block-heading\">pregenzerfashionstore<\/h1>\n\n\n\n<h1 class=\"wp-block-heading\">joinus<\/h1>\n","protected":false},"excerpt":{"rendered":"<p>Zum Jubil\u00e4um der Blickfang 20 Jahre gibt es viele Side Events! Zu finden auf der Homepage der Blickfang. Auch wir sind mit dabei. MEET THE DESIGNER: MONIKA WALLNER BE SEEN \u2013 MODEPR\u00c4SENTATION@monikawallner.reflectivewear Das neue Wiener Modelabel Monika Wallner Reflective Wear schlie\u00dft eine L\u00fccke zwischen Mode und Sportbekleidung. Durch l\u00e4ssige und gleichzeitig elegante Schnitte mit reflektierenden<a href=\"https:\/\/pregenzer.com\/blog\/come-join\/\" class=\"df-link-excerpt\">Continue reading<\/a><\/p>\n","protected":false},"author":1,"featured_media":5295,"comment_status":"open","ping_status":"open","sticky":false,"template":"","format":"standard","meta":[],"categories":[49],"tags":[],"_links":{"self":[{"href":"https:\/\/pregenzer.com\/blog\/wp-json\/wp\/v2\/posts\/5296"}],"collection":[{"href":"https:\/\/pregenzer.com\/blog\/wp-json\/wp\/v2\/posts"}],"about":[{"href":"https:\/\/pregenzer.com\/blog\/wp-json\/wp\/v2\/types\/post"}],"author":[{"embeddable":true,"href":"https:\/\/pregenzer.com\/blog\/wp-json\/wp\/v2\/users\/1"}],"replies":[{"embeddable":true,"href":"https:\/\/pregenzer.com\/blog\/wp-json\/wp\/v2\/comments?post=5296"}],"version-history":[{"count":1,"href":"https:\/\/pregenzer.com\/blog\/wp-json\/wp\/v2\/posts\/5296\/revisions"}],"predecessor-version":[{"id":5297,"href":"https:\/\/pregenzer.com\/blog\/wp-json\/wp\/v2\/posts\/5296\/revisions\/5297"}],"wp:featuredmedia":[{"embeddable":true,"href":"https:\/\/pregenzer.com\/blog\/wp-json\/wp\/v2\/media\/5295"}],"wp:attachment":[{"href":"https:\/\/pregenzer.com\/blog\/wp-json\/wp\/v2\/media?parent=5296"}],"wp:term":[{"taxonomy":"category","embeddable":true,"href":"https:\/\/pregenzer.com\/blog\/wp-json\/wp\/v2\/categories?post=5296"},{"taxonomy":"post_tag","embeddable":true,"href":"https:\/\/pregenzer.com\/blog\/wp-json\/wp\/v2\/tags?post=5296"}],"curies":[{"name":"wp","href":"https:\/\/api.w.org\/{rel}","templated":true}]}}