{"id":724,"date":"2014-11-18T09:53:28","date_gmt":"2014-11-18T08:53:28","guid":{"rendered":"http:\/\/pregenzer.com\/blog\/?p=724"},"modified":"2015-03-18T09:55:55","modified_gmt":"2015-03-18T08:55:55","slug":"a-mixed-bag","status":"publish","type":"post","link":"https:\/\/pregenzer.com\/blog\/a-mixed-bag\/","title":{"rendered":"\u00bb A MIXED BAG \u00ab"},"content":{"rendered":"<p style=\"text-align: center;\">Lange Nacht der Schmuckkunst @ PREGENZER FASHION STORE<\/p>\n<p style=\"text-align: center;\"><!--more--><br \/>\nUnter dem Titel\u00a0\u00bb A MIXED BAG \u00ab\u00a0 pr\u00e4sentieren Andrea MAXA Halmschlager, Stephan Hampala und Claudia Steiner ihre neuesten Arbeiten bei dem zum ersten Mal stattfindenden Ausstellungsprojekt \u201eSCHMUCK_around the corner\u201c, in dessen Rahmen 10 \u00f6sterreichische Schmuckk\u00fcnstlerInnen an 7 verschiedenen Standorten im Freihausviertel ihre Arbeiten pr\u00e4sentieren.<\/p>\n<p style=\"text-align: center;\">\u00bb A MIXED BAG \u00ab\u00a0bei Jutta Pregenzer zeigt drei unterschiedliche Zug\u00e4nge zu zeitgen\u00f6ssischem Schmuck:<br \/>\nDie verwendeten Materialien reichen von Stein und Metall \u00fcber Textil, Kunstharz und Farbpigmenten bis hin zu Holz-Karton, Glas und Silikon.<\/p>\n<p style=\"text-align: center;\">Ebenso vielf\u00e4ltig sind Formensprache und Inspirationsquellen: Schichtungen, Assemblagen, Linie, Fl\u00e4che, Raum, Farbe, Muster und Struktur, Architektur und Textilien \u2013 sowie die Aufnahme traditioneller Schmuckformen und ihr Hinterfragen.<\/p>\n<p style=\"text-align: center;\">Gemeinsam ist den Arbeiten ein Bezug zu farbigen Elementen, Struktur und Mustern bei Material und Oberfl\u00e4chengestaltung, ein hoher Anspruch an Verarbeitung und technische Umsetzung.<\/p>\n<p style=\"text-align: center;\">Das Resultat ist ein spielerischer Dialog und ein reizvolles, zuf\u00e4lliges Nebeneinander, das auf das breite Spektrum der M\u00f6glichkeiten verweist &#8211; \u00bb A MIXED BAG \u00ab.<\/p>\n<p style=\"text-align: center;\">s\u00e4mtliche Infos zur langen Nacht der Schmuckkunst unter<br \/>\n<a href=\"https:\/\/www.facebook.com\/freiraumschmuck\">facebook\/freiraumschmuck <\/a>und <a href=\"%20https:\/\/www.facebook.com\/NachtderSchmuckkunst?fref=nf\">facebook\/NachtderSchmuckkunst<\/a><\/p>\n<p><a href=\"http:\/\/pregenzer.com\/blog\/wp-content\/uploads\/2015\/03\/bag02.jpg\"><img loading=\"lazy\" class=\"aligncenter size-full wp-image-728\" src=\"http:\/\/pregenzer.com\/blog\/wp-content\/uploads\/2015\/03\/bag02.jpg\" alt=\"bag02\" width=\"640\" height=\"868\" srcset=\"https:\/\/pregenzer.com\/blog\/wp-content\/uploads\/2015\/03\/bag02.jpg 640w, https:\/\/pregenzer.com\/blog\/wp-content\/uploads\/2015\/03\/bag02-221x300.jpg 221w\" sizes=\"(max-width: 640px) 100vw, 640px\" \/><\/a><\/p>\n","protected":false},"excerpt":{"rendered":"<p>Lange Nacht der Schmuckkunst @ PREGENZER FASHION STORE<\/p>\n","protected":false},"author":1,"featured_media":729,"comment_status":"open","ping_status":"open","sticky":false,"template":"","format":"standard","meta":[],"categories":[45,42],"tags":[],"_links":{"self":[{"href":"https:\/\/pregenzer.com\/blog\/wp-json\/wp\/v2\/posts\/724"}],"collection":[{"href":"https:\/\/pregenzer.com\/blog\/wp-json\/wp\/v2\/posts"}],"about":[{"href":"https:\/\/pregenzer.com\/blog\/wp-json\/wp\/v2\/types\/post"}],"author":[{"embeddable":true,"href":"https:\/\/pregenzer.com\/blog\/wp-json\/wp\/v2\/users\/1"}],"replies":[{"embeddable":true,"href":"https:\/\/pregenzer.com\/blog\/wp-json\/wp\/v2\/comments?post=724"}],"version-history":[{"count":5,"href":"https:\/\/pregenzer.com\/blog\/wp-json\/wp\/v2\/posts\/724\/revisions"}],"predecessor-version":[{"id":731,"href":"https:\/\/pregenzer.com\/blog\/wp-json\/wp\/v2\/posts\/724\/revisions\/731"}],"wp:featuredmedia":[{"embeddable":true,"href":"https:\/\/pregenzer.com\/blog\/wp-json\/wp\/v2\/media\/729"}],"wp:attachment":[{"href":"https:\/\/pregenzer.com\/blog\/wp-json\/wp\/v2\/media?parent=724"}],"wp:term":[{"taxonomy":"category","embeddable":true,"href":"https:\/\/pregenzer.com\/blog\/wp-json\/wp\/v2\/categories?post=724"},{"taxonomy":"post_tag","embeddable":true,"href":"https:\/\/pregenzer.com\/blog\/wp-json\/wp\/v2\/tags?post=724"}],"curies":[{"name":"wp","href":"https:\/\/api.w.org\/{rel}","templated":true}]}}